{"id":1105,"date":"2020-01-19T10:59:39","date_gmt":"2020-01-19T09:59:39","guid":{"rendered":"https:\/\/otulinablog.pl\/?p=1105"},"modified":"2020-01-19T10:59:39","modified_gmt":"2020-01-19T09:59:39","slug":"rafael-santi-czyli-kto","status":"publish","type":"post","link":"https:\/\/otulinaosztuce.pl\/?p=1105","title":{"rendered":"Rafael Santi czyli kto?"},"content":{"rendered":"\n<p class=\"has-drop-cap\">Rok 2020 dedykowany jest postaci Rafaela Santi ze wzgl\u0119du na przypadaj\u0105c\u0105 500 rocznic\u0119 \u015bmierci artysty. Obok Leonarda da Vinci i Micha\u0142a Anio\u0142a zaliczany jest on do wielkiej tr\u00f3jcy tw\u00f3rc\u00f3w w\u0142oskiego renesansu. \u015amiem jednak twierdzi\u0107, \u017ce spo\u015br\u00f3d nich jest tym najmniej znanym. Przeci\u0119tnemu mi\u0142o\u015bnikowi sztuki b\u0119dzie kojarzy\u0142 si\u0119 z przes\u0142odzonymi Madonnami, kt\u00f3re obficie produkowa\u0142 przy wsp\u00f3\u0142pracy pr\u0119\u017cnie dzia\u0142aj\u0105cego warsztatu. Przy odrobinie szcz\u0119\u015bcia, skojarzymy go jako autora <em>Portretu m\u0142odzie\u0144ca<\/em> skradzionego w czasie drugiej wojny \u015bwiatowej z krakowskiego Muzeum Czartoryskich i dot\u0105d nieodnalezionego. Kim jednak by\u0142 artysta przez Giorgio Vasariego  okre\u015blany mianem boga sztuki?<br><\/p>\n\n\n\n<figure class=\"wp-block-image size-large\"><img decoding=\"async\" src=\"https:\/\/otulinablog.pl\/wp-content\/uploads\/2020\/01\/Raffaello_Sanzio-751x1024.jpg\" alt=\"Rafael, autoportret\" class=\"wp-image-1106\"\/><figcaption><strong>Rafael Santi, <em>Autoportret, <\/em>ok. 1504-1506, Galeria Uffizi, Florencja \u00a9 <a rel=\"noreferrer noopener\" aria-label=\"wikipedia (otwiera si\u0119 na nowej zak\u0142adce)\" href=\"https:\/\/commons.wikimedia.org\/wiki\/File:Raffaello_Sanzio.jpg\" target=\"_blank\">wikipedia<\/a><\/strong><\/figcaption><\/figure>\n\n\n\n<p>Rafael Santi pochodzi\u0142 z Urbino, kszta\u0142ci\u0142 si\u0119 w Perugii, jednak jego talent najpe\u0142niej da\u0142 si\u0119 pozna\u0107 w czasie pobytu we Florencji od 1504. Tam zetkn\u0105\u0142 si\u0119 ze sztuk\u0105 podziwianych artyst\u00f3w &#8211; Micha\u0142a Anio\u0142a i Leonarda. Ich tw\u00f3rczo\u015b\u0107 zainspirowa\u0142a dwudziestojednolatka do tw\u00f3rczej rywalizacji, czego efektem mi\u0119dzy innymi by\u0142a <em>Madonna ze szczyg\u0142em<\/em> przechowywana w Uffizi we Florencji. Nawi\u0105zuje ona do kompozycji <em>Madonny w\u015br\u00f3d ska\u0142<\/em> Leonarda, gdzie Maria ukazana zosta\u0142a w pejza\u017cu, siedz\u0105c w otoczeniu dzieci. Drugim wzorem by\u0142a niew\u0105tpliwie rze\u017aba Madonny z Dzieci\u0105tkiem, wykonana przez Micha\u0142a Anio\u0142a na zlecenie mieszczan z Brugii. Rafael ogl\u0105da\u0142 j\u0105 we Florencji, zanim wyruszy\u0142a do Niderland\u00f3w w 1506 roku. Obraz i rze\u017ab\u0119 \u0142\u0105czy spos\u00f3b ukazania Dzieci\u0105tka wspieraj\u0105cego si\u0119 o kolana matki i dotykaj\u0105cego st\u00f3pk\u0105 jej stopy. Inwencj\u0105 malarza wobec osi\u0105gni\u0119\u0107 wielkich mistrz\u00f3w by\u0142o wprowadzenie idyllicznego pejza\u017cu, pozbawionego niepokoju ska\u0142 Leonarda oraz nadanie rysom Madonny \u0142agodnego, pe\u0142nego tkliwo\u015bci wyrazu, tak r\u00f3\u017cnego od pe\u0142nych patosu Madonn Micha\u0142a Anio\u0142a. \u00d3w wysublimowany styl okaza\u0142 si\u0119 trafnym posuni\u0119ciem marketingowym i zapewni\u0142 mu zam\u00f3wienia od zamo\u017cnej klienteli Florencji i Perugii.<br><\/p>\n\n\n\n<div class=\"wp-block-image\"><figure class=\"aligncenter size-large\"><img decoding=\"async\" src=\"https:\/\/otulinablog.pl\/wp-content\/uploads\/2020\/01\/773px-Raffaello_Sanzio_-_Madonna_del_Cardellino_-_Google_Art_Project-733x1024.jpg\" alt=\"Rafael, Madonna ze szczyg\u0142em\" class=\"wp-image-1112\"\/><figcaption><strong>Rafael Santi, <em>Madonna ze szczyg\u0142em<\/em>, 1505-1506, Galeria Uffizi, Florencja \u00a9 <a rel=\"noreferrer noopener\" aria-label=\"wikipedia (otwiera si\u0119 na nowej zak\u0142adce)\" href=\"https:\/\/commons.wikimedia.org\/wiki\/File:Raffaello_Sanzio_-_Madonna_del_Cardellino_-_Google_Art_Project.jpg\" target=\"_blank\">wikipedia<\/a><\/strong> <\/figcaption><\/figure><\/div>\n\n\n\n<p>Popularno\u015b\u0107 Rafaela ros\u0142a w szybkim tempie, w 1508 roku zosta\u0142 zaproszony do Rzymu, na dw\u00f3r papie\u017ca Juliusza II, wielkiego mecenasa sztuki i inicjatora przebudowy bazyliki \u015bwi\u0119tego Piotra. Mia\u0142 tam okazj\u0119 wykorzysta\u0107 swoje wcze\u015bniejsze do\u015bwiadczenia w tworzeniu fresk\u00f3w, a jednocze\u015bnie ponownie tw\u00f3rczo wsp\u00f3\u0142zawodniczy\u0107 z Micha\u0142em Anio\u0142em, kt\u00f3ry w\u0142a\u015bnie tworzy\u0142 polichromie na sklepieniu Kaplicy Syksty\u0144skiej. Rafaelowi zosta\u0142a powierzona dekoracja stanz watyka\u0144skich, czyli reprezentacyjnych pokoi w Pa\u0142acu Watyka\u0144skim, do kt\u00f3rych zamierza\u0142 przenie\u015b\u0107 si\u0119 Juliusz II. Najwa\u017cniejszym dzie\u0142em jest tam niew\u0105tpliwie <em>Szko\u0142a ate\u0144ska<\/em> (polecam szczeg\u00f3\u0142ow\u0105 analiz\u0119 <a href=\"https:\/\/niezlasztuka.net\/o-sztuce\/rafael-santi-szkola-atenska\/\" target=\"_blank\" rel=\"noreferrer noopener\" aria-label=\"tu (otwiera si\u0119 na nowej zak\u0142adce)\">tu<\/a>) &#8211; monumentalny fresk ukazuj\u0105cy staro\u017cytnych filozof\u00f3w. Jako najwa\u017cniejsze ukazane zosta\u0142y w centrum postaci Platona i Arystotelesa, ojc\u00f3w dw\u00f3ch tradycji filozoficznych &#8211; idealizmu i empiryzmu. Rafael \u201cukry\u0142\u201d w rysach twarzy niekt\u00f3rych my\u015blicieli portrety Micha\u0142a Anio\u0142a, Leonarda i Donato Bramantego, a po\u015br\u00f3d nich umie\u015bci\u0142 tak\u017ce w\u0142asny autoportret.&nbsp;<br><\/p>\n\n\n\n<div class=\"wp-block-image\"><figure class=\"aligncenter size-large is-resized\"><img loading=\"lazy\" decoding=\"async\" src=\"https:\/\/otulinablog.pl\/wp-content\/uploads\/2020\/01\/1392px-_The_School_of_Athens__by_Raffaello_Sanzio_da_Urbino-1024x794.jpg\" alt=\"Rafael, szko\u0142a ate\u0144ska, fresk, Watykan\" class=\"wp-image-1113\" width=\"580\" height=\"449\"\/><figcaption><strong>Rafael Santi, <em>Szko\u0142a ate\u0144ska<\/em>, 1509-1511<\/strong>, <strong>Stanza della segnatura, Muzea Watyka\u0144skie, Watykan \u00a9 <a rel=\"noreferrer noopener\" aria-label=\"wikipedia (otwiera si\u0119 na nowej zak\u0142adce)\" href=\"https:\/\/commons.wikimedia.org\/wiki\/File:%22The_School_of_Athens%22_by_Raffaello_Sanzio_da_Urbino.jpg\" target=\"_blank\">wikipedia<\/a><\/strong><\/figcaption><\/figure><\/div>\n\n\n\n<p>Vasari opisuje Rafaela jako pe\u0142nego uroku m\u0142odzie\u0144ca, kt\u00f3rego uroda i dobre maniery przysparza\u0142y mu samych wielbicieli. Wiemy jednak, \u017ce nie do ko\u0144ca by\u0142o to zgodne z prawd\u0105. Mi\u0142o\u015bci\u0105 nie pa\u0142a\u0142 do niego Micha\u0142 Anio\u0142, kt\u00f3ry podobno na sam d\u017awi\u0119k imienia rywala wpada\u0142 w sza\u0142. Dwudziestopi\u0119ciolatek z Urbino niew\u0105tpliwie posiada\u0142 wyczucie, by nie powiedzie\u0107 spryt, kt\u00f3re pozwoli\u0142y mu zbudowa\u0107 siln\u0105 pozycj\u0119 na dworze papieskim. By\u0142 hojny w przyja\u017aniach &#8211; wspomniana <em>Madonna ze szczyg\u0142em<\/em> by\u0142a prezentem \u015blubnym dla florenckiego przyjaciela. Potrafi\u0142 dba\u0107 w relacje z lud\u017ami. Jego pozycji nie zachwia\u0142a \u015bmier\u0107 Juliusza II, jego nast\u0119pca papie\u017c Leon X dalej korzysta\u0142 z us\u0142ug Rafaela, po \u015bmierci Donato Bramantego powierzy\u0142 mu nadz\u00f3r nad przebudow\u0105 bazyliki watyka\u0144skiej, a p\u00f3\u017aniej uczyni\u0142 go prefektem staro\u017cytno\u015bci w Rzymie. Oznacza\u0142o to, \u017ce ka\u017cdy kto chcia\u0142 w jaki\u015b spos\u00f3b ingerowa\u0107 w antyczn\u0105 budowl\u0119 czy monument lub wykopa\u0142 taki zabytek, musia\u0142 pilnie zg\u0142osi\u0107 to do Rafaela. Olbrzymia zaiste odpowiedzialno\u015b\u0107 w r\u0119kach trzydziestodwulatka.<br><\/p>\n\n\n\n<div class=\"wp-block-image\"><figure class=\"aligncenter size-large\"><img decoding=\"async\" src=\"https:\/\/otulinablog.pl\/wp-content\/uploads\/2020\/01\/Sanzio_01_Raphael.jpg\" alt=\"Rafael, autoportret, szko\u0142a ate\u0144ska, Watykan\" class=\"wp-image-1118\"\/><figcaption> <strong>Rafael Santi, autoportret we fresku <em>Szko\u0142a ate\u0144ska<\/em>, 1509-1511<\/strong>, <strong>Stanza della segnatura, Muzea Watyka\u0144skie, Watykan \u00a9<\/strong> <strong><a href=\"https:\/\/commons.wikimedia.org\/wiki\/File:Sanzio_01_Raphael.jpg\" target=\"_blank\" rel=\"noreferrer noopener\" aria-label=\" (otwiera si\u0119 na nowej zak\u0142adce)\">wikipedia<\/a><\/strong><\/figcaption><\/figure><\/div>\n\n\n\n<p>O tym, \u017ce Rafael niew\u0105tpliwie posiada\u0142 dar rozumienia ludzkiej psychiki dobitnie \u015bwiadcz\u0105 jego portrety. Trudna osobowo\u015b\u0107 papie\u017ca Juliusza II staje si\u0119 i dla nas dzi\u015b oczywista, gdy przyjrzymy si\u0119 jego mocno zaci\u015bni\u0119tym ustom i skupionemu nieobecnemu wzrokowi. Nieomal oznajmia on nam, aby\u015bmy nie przeszkadzali mu w rozmy\u015blaniach. Lewa d\u0142o\u0144 papie\u017ca obejmuje por\u0119cz fotela, zupe\u0142nie jakby bezwiednie szykowa\u0142 si\u0119 do porzucenia niewygodnego unieruchomienia. <\/p>\n\n\n\n<div class=\"wp-block-image\"><figure class=\"aligncenter size-large\"><img decoding=\"async\" src=\"https:\/\/otulinablog.pl\/wp-content\/uploads\/2020\/01\/Pope_Julius_II-754x1024.jpg\" alt=\"Rafael, papie\u017c Juliusz II\" class=\"wp-image-1114\"\/><figcaption> <strong>Rafael Santi, <em>Portret papie\u017ca Juliusza II<\/em>, 1511-1512<\/strong>, <strong>National Gallery, Londyn \u00a9<\/strong> <strong><a href=\"https:\/\/commons.wikimedia.org\/wiki\/File:Pope_Julius_II.jpg\" target=\"_blank\" rel=\"noreferrer noopener\" aria-label=\"wikipedia (otwiera si\u0119 na nowej zak\u0142adce)\">wikipedia<\/a><\/strong><\/figcaption><\/figure><\/div>\n\n\n\n<p>Zupe\u0142nie inne wra\u017cenie sprawia korpulentny Leon X, zasiadaj\u0105cy za sto\u0142em, w asy\u015bcie dw\u00f3ch kardyna\u0142\u00f3w. By\u0107 mo\u017ce przelicza w\u0142a\u015bnie w pami\u0119ci zyski ze sprzeda\u017cy odpust\u00f3w, kt\u00f3re mia\u0142y wspom\u00f3c budow\u0119 bazyliki. Handel ten wywo\u0142a\u0142 gwa\u0142towny sprzeciw Marcina Lutra i wyg\u0142oszenie przez niego tez o konieczno\u015bci reformacji w Ko\u015bciele.<\/p>\n\n\n\n<div class=\"wp-block-image\"><figure class=\"aligncenter size-large\"><img decoding=\"async\" src=\"https:\/\/otulinablog.pl\/wp-content\/uploads\/2020\/01\/816px-Raffaello_Sanzio_-_Ritratto_di_Leone_X_coi_cardinali_Giulio_de_Medici_e_Luigi_de_Rossi_-_Google_Art_Project-774x1024.jpg\" alt=\"Rafael, papie\u017c Leon X\" class=\"wp-image-1117\"\/><figcaption><strong>Rafael Santi, <em>Portret papie\u017ca Leona X z kardyna\u0142ami<\/em>, ok. 1518, Galeria Uffizi, Florencja<\/strong> <strong>\u00a9 <a rel=\"noreferrer noopener\" aria-label=\"wikipedia (otwiera si\u0119 na nowej zak\u0142adce)\" href=\"https:\/\/commons.wikimedia.org\/wiki\/File:Raffaello_Sanzio_-_Ritratto_di_Leone_X_coi_cardinali_Giulio_de%27_Medici_e_Luigi_de%27_Rossi_-_Google_Art_Project.jpg\" target=\"_blank\">wikipedia<\/a><\/strong><\/figcaption><\/figure><\/div>\n\n\n\n<p>Rafael stworzy\u0142 wizerunek swojego przyjaciela Baltazara Castilglione, autora <em>Dworzanina<\/em>, tak by odzwierciedla\u0142 on r\u00f3wnie\u017c cechy przypisane<em> gentiluomo<\/em>. Castiglione w swoim traktacie napisanym podczas pobytu na dworze w Urbino, opisywa\u0142 \u201cnowego cz\u0142owieka\u201d &#8211; d\u017centelmena, kt\u00f3ry w \u017cyciu kieruje si\u0119 dobrymi manierami, prowadzi intelektualne dysputy, okazuje szacunek kobietom i kieruje si\u0119 zasad\u0105 <em>sprezzatury<\/em> &#8211; rozumianej jako naturalno\u015b\u0107 czy nonszalancja. Portret ten sta\u0142 si\u0119 wzorem do na\u015bladowania dla nast\u0119pnych pokole\u0144 artyst\u00f3w. Zafascynowany by\u0142 nim Rembrandt, kt\u00f3ry wykorzysta\u0142 poz\u0119 Castiglione przy tworzeniu w\u0142asnego autoportretu, nadaj\u0105c sobie rys dworskiej og\u0142ady.<\/p>\n\n\n\n<div class=\"wp-block-image\"><figure class=\"aligncenter size-large\"><img decoding=\"async\" src=\"https:\/\/otulinablog.pl\/wp-content\/uploads\/2020\/01\/868px-Baldassare_Castiglione_by_Raffaello_Sanzio_from_C2RMF_retouched-823x1024.jpg\" alt=\"Rafael, Baltazar Castiglione\" class=\"wp-image-1115\"\/><figcaption><strong> Rafael Santi, <em>Portret<\/em> <em>Baltazara Castiglione<\/em>, ok. 1515, Luwr, Pary\u017c \u00a9  <a rel=\"noreferrer noopener\" aria-label=\"wikipedia (otwiera si\u0119 na nowej zak\u0142adce)\" href=\"https:\/\/commons.wikimedia.org\/wiki\/File:Baldassare_Castiglione,_by_Raffaello_Sanzio,_from_C2RMF_retouched.jpg\" target=\"_blank\">wikipedia<\/a><\/strong><\/figcaption><\/figure><\/div>\n\n\n\n<p>Wieczn\u0105 pami\u0119\u0107 i miejsce w popkulturze zapewni\u0142 Rafaelowi inny obraz, a w\u0142a\u015bciwie jego fragment &#8211; <em>Madonna Syksty\u0144ska<\/em>. Zst\u0119puj\u0105cej z niebios pi\u0119knej, m\u0142odzie\u0144czej Madonnie, podobno o rysach ukochanej artysty, przygl\u0105daj\u0105 si\u0119 dwa amorki. S\u0105 rozkoszne, troch\u0119 znudzone a troch\u0119 zaciekawione. I to w\u0142a\u015bnie one sta\u0142y si\u0119 motywem powtarzanym i kopiowanym przez kolejne pokolenia, zw\u0142aszcza od momentu kiedy obraz zosta\u0142 umieszczony w galerii drezde\u0144skiej przez Augusta III Sasa w po\u0142owie XVIII wieku. <\/p>\n\n\n\n<div class=\"wp-block-image\"><figure class=\"aligncenter size-large\"><img decoding=\"async\" src=\"https:\/\/otulinablog.pl\/wp-content\/uploads\/2020\/01\/RAFAEL_-_Madonna_Sixtina_Gem\u00e4ldegalerie_Alter_Meister_Dresden_1513-14._\u00d3leo_sobre_lienzo_265_x_196_cm-747x1024.jpg\" alt=\"Rafael, Madonna Syksty\u0144ska, Drezno\" class=\"wp-image-1119\"\/><figcaption><strong>Rafael Santi<em>, Madonna Syksty\u0144ska<\/em>, 1513-1514, Galeria Starych Mistrz\u00f3w, Drezno  \u00a9 <a href=\"https:\/\/commons.wikimedia.org\/wiki\/File:RAFAEL_-_Madonna_Sixtina_(Gem%C3%A4ldegalerie_Alter_Meister,_Dresden,_1513-14._%C3%93leo_sobre_lienzo,_265_x_196_cm).jpg\" target=\"_blank\" rel=\"noreferrer noopener\" aria-label=\"wikipedia  (otwiera si\u0119 na nowej zak\u0142adce)\">wikipedia <\/a><\/strong><\/figcaption><\/figure><\/div>\n<p>Views: 13<\/p>","protected":false},"excerpt":{"rendered":"<p>Rok 2020 dedykowany jest postaci Rafaela Santi ze wzgl\u0119du na przypadaj\u0105c\u0105 500 rocznic\u0119 \u015bmierci artysty. Obok Leonarda da Vinci i Micha\u0142a Anio\u0142a zaliczany jest on do wielkiej tr\u00f3jcy tw\u00f3rc\u00f3w w\u0142oskiego renesansu. \u015amiem jednak twierdzi\u0107, \u017ce spo\u015br\u00f3d nich jest tym najmniej znanym. Przeci\u0119tnemu mi\u0142o\u015bnikowi sztuki b\u0119dzie kojarzy\u0142 si\u0119 z przes\u0142odzonymi Madonnami, kt\u00f3re obficie produkowa\u0142 przy wsp\u00f3\u0142pracy&#8230;<\/p>\n","protected":false},"author":1,"featured_media":1120,"comment_status":"open","ping_status":"open","sticky":false,"template":"","format":"standard","meta":{"_jetpack_memberships_contains_paid_content":false,"footnotes":""},"categories":[11],"tags":[],"class_list":["post-1105","post","type-post","status-publish","format-standard","has-post-thumbnail","hentry","category-kanon"],"yoast_head":"<!-- This site is optimized with the Yoast SEO plugin v26.4 - https:\/\/yoast.com\/wordpress\/plugins\/seo\/ -->\n<title>Rafael Santi czyli kto? - otulina o sztuce<\/title>\n<meta name=\"description\" content=\"W 2020 przypada 500letnia rocznica \u015bmierci Rafaela Santi. Kim by\u0142 artysta zaliczany do wielkiej tr\u00f3jcy renesansu obok Micha\u0142a Anio\u0142a i Leonarda da Vinci?\" \/>\n<meta name=\"robots\" content=\"index, follow, max-snippet:-1, max-image-preview:large, max-video-preview:-1\" \/>\n<link rel=\"canonical\" href=\"https:\/\/otulinaosztuce.pl\/?p=1105\" \/>\n<meta property=\"og:locale\" content=\"pl_PL\" \/>\n<meta property=\"og:type\" content=\"article\" \/>\n<meta property=\"og:title\" content=\"Rafael Santi czyli kto? - otulina o sztuce\" \/>\n<meta property=\"og:description\" content=\"W 2020 przypada 500letnia rocznica \u015bmierci Rafaela Santi. Kim by\u0142 artysta zaliczany do wielkiej tr\u00f3jcy renesansu obok Micha\u0142a Anio\u0142a i Leonarda da Vinci?\" \/>\n<meta property=\"og:url\" content=\"https:\/\/otulinaosztuce.pl\/?p=1105\" \/>\n<meta property=\"og:site_name\" content=\"otulina o sztuce\" \/>\n<meta property=\"article:published_time\" content=\"2020-01-19T09:59:39+00:00\" \/>\n<meta name=\"author\" content=\"Aleksandra Janiszewska-Cardone\" \/>\n<meta name=\"twitter:card\" content=\"summary_large_image\" \/>\n<meta name=\"twitter:label1\" content=\"Napisane przez\" \/>\n\t<meta name=\"twitter:data1\" content=\"Aleksandra Janiszewska-Cardone\" \/>\n\t<meta name=\"twitter:label2\" content=\"Szacowany czas czytania\" \/>\n\t<meta name=\"twitter:data2\" content=\"6 minut\" \/>\n<script type=\"application\/ld+json\" class=\"yoast-schema-graph\">{\"@context\":\"https:\/\/schema.org\",\"@graph\":[{\"@type\":\"WebPage\",\"@id\":\"https:\/\/otulinaosztuce.pl\/?p=1105\",\"url\":\"https:\/\/otulinaosztuce.pl\/?p=1105\",\"name\":\"Rafael Santi czyli kto? - otulina o sztuce\",\"isPartOf\":{\"@id\":\"https:\/\/otulinaosztuce.pl\/#website\"},\"primaryImageOfPage\":{\"@id\":\"https:\/\/otulinaosztuce.pl\/?p=1105#primaryimage\"},\"image\":{\"@id\":\"https:\/\/otulinaosztuce.pl\/?p=1105#primaryimage\"},\"thumbnailUrl\":\"\",\"datePublished\":\"2020-01-19T09:59:39+00:00\",\"author\":{\"@id\":\"https:\/\/otulinaosztuce.pl\/#\/schema\/person\/79c5cf3acb232614a8cf471b6f29dac3\"},\"description\":\"W 2020 przypada 500letnia rocznica \u015bmierci Rafaela Santi. Kim by\u0142 artysta zaliczany do wielkiej tr\u00f3jcy renesansu obok Micha\u0142a Anio\u0142a i Leonarda da Vinci?\",\"breadcrumb\":{\"@id\":\"https:\/\/otulinaosztuce.pl\/?p=1105#breadcrumb\"},\"inLanguage\":\"pl-PL\",\"potentialAction\":[{\"@type\":\"ReadAction\",\"target\":[\"https:\/\/otulinaosztuce.pl\/?p=1105\"]}]},{\"@type\":\"ImageObject\",\"inLanguage\":\"pl-PL\",\"@id\":\"https:\/\/otulinaosztuce.pl\/?p=1105#primaryimage\",\"url\":\"\",\"contentUrl\":\"\"},{\"@type\":\"BreadcrumbList\",\"@id\":\"https:\/\/otulinaosztuce.pl\/?p=1105#breadcrumb\",\"itemListElement\":[{\"@type\":\"ListItem\",\"position\":1,\"name\":\"Strona g\u0142\u00f3wna\",\"item\":\"https:\/\/otulinaosztuce.pl\/\"},{\"@type\":\"ListItem\",\"position\":2,\"name\":\"Rafael Santi czyli kto?\"}]},{\"@type\":\"WebSite\",\"@id\":\"https:\/\/otulinaosztuce.pl\/#website\",\"url\":\"https:\/\/otulinaosztuce.pl\/\",\"name\":\"otulina o sztuce\",\"description\":\"ALEKSANDRA JANISZEWSKA-CARDONE\",\"potentialAction\":[{\"@type\":\"SearchAction\",\"target\":{\"@type\":\"EntryPoint\",\"urlTemplate\":\"https:\/\/otulinaosztuce.pl\/?s={search_term_string}\"},\"query-input\":{\"@type\":\"PropertyValueSpecification\",\"valueRequired\":true,\"valueName\":\"search_term_string\"}}],\"inLanguage\":\"pl-PL\"},{\"@type\":\"Person\",\"@id\":\"https:\/\/otulinaosztuce.pl\/#\/schema\/person\/79c5cf3acb232614a8cf471b6f29dac3\",\"name\":\"Aleksandra Janiszewska-Cardone\",\"image\":{\"@type\":\"ImageObject\",\"inLanguage\":\"pl-PL\",\"@id\":\"https:\/\/otulinaosztuce.pl\/#\/schema\/person\/image\/\",\"url\":\"https:\/\/secure.gravatar.com\/avatar\/064a896e49b27f9e33c7e3097d93ea1a3afd4228229f515ba0824346623bb16d?s=96&d=mm&r=g\",\"contentUrl\":\"https:\/\/secure.gravatar.com\/avatar\/064a896e49b27f9e33c7e3097d93ea1a3afd4228229f515ba0824346623bb16d?s=96&d=mm&r=g\",\"caption\":\"Aleksandra Janiszewska-Cardone\"},\"sameAs\":[\"http:\/\/otulinaosztuce.pl\"],\"url\":\"https:\/\/otulinaosztuce.pl\/?author=1\"}]}<\/script>\n<!-- \/ Yoast SEO plugin. -->","yoast_head_json":{"title":"Rafael Santi czyli kto? - otulina o sztuce","description":"W 2020 przypada 500letnia rocznica \u015bmierci Rafaela Santi. Kim by\u0142 artysta zaliczany do wielkiej tr\u00f3jcy renesansu obok Micha\u0142a Anio\u0142a i Leonarda da Vinci?","robots":{"index":"index","follow":"follow","max-snippet":"max-snippet:-1","max-image-preview":"max-image-preview:large","max-video-preview":"max-video-preview:-1"},"canonical":"https:\/\/otulinaosztuce.pl\/?p=1105","og_locale":"pl_PL","og_type":"article","og_title":"Rafael Santi czyli kto? - otulina o sztuce","og_description":"W 2020 przypada 500letnia rocznica \u015bmierci Rafaela Santi. Kim by\u0142 artysta zaliczany do wielkiej tr\u00f3jcy renesansu obok Micha\u0142a Anio\u0142a i Leonarda da Vinci?","og_url":"https:\/\/otulinaosztuce.pl\/?p=1105","og_site_name":"otulina o sztuce","article_published_time":"2020-01-19T09:59:39+00:00","author":"Aleksandra Janiszewska-Cardone","twitter_card":"summary_large_image","twitter_misc":{"Napisane przez":"Aleksandra Janiszewska-Cardone","Szacowany czas czytania":"6 minut"},"schema":{"@context":"https:\/\/schema.org","@graph":[{"@type":"WebPage","@id":"https:\/\/otulinaosztuce.pl\/?p=1105","url":"https:\/\/otulinaosztuce.pl\/?p=1105","name":"Rafael Santi czyli kto? - otulina o sztuce","isPartOf":{"@id":"https:\/\/otulinaosztuce.pl\/#website"},"primaryImageOfPage":{"@id":"https:\/\/otulinaosztuce.pl\/?p=1105#primaryimage"},"image":{"@id":"https:\/\/otulinaosztuce.pl\/?p=1105#primaryimage"},"thumbnailUrl":"","datePublished":"2020-01-19T09:59:39+00:00","author":{"@id":"https:\/\/otulinaosztuce.pl\/#\/schema\/person\/79c5cf3acb232614a8cf471b6f29dac3"},"description":"W 2020 przypada 500letnia rocznica \u015bmierci Rafaela Santi. Kim by\u0142 artysta zaliczany do wielkiej tr\u00f3jcy renesansu obok Micha\u0142a Anio\u0142a i Leonarda da Vinci?","breadcrumb":{"@id":"https:\/\/otulinaosztuce.pl\/?p=1105#breadcrumb"},"inLanguage":"pl-PL","potentialAction":[{"@type":"ReadAction","target":["https:\/\/otulinaosztuce.pl\/?p=1105"]}]},{"@type":"ImageObject","inLanguage":"pl-PL","@id":"https:\/\/otulinaosztuce.pl\/?p=1105#primaryimage","url":"","contentUrl":""},{"@type":"BreadcrumbList","@id":"https:\/\/otulinaosztuce.pl\/?p=1105#breadcrumb","itemListElement":[{"@type":"ListItem","position":1,"name":"Strona g\u0142\u00f3wna","item":"https:\/\/otulinaosztuce.pl\/"},{"@type":"ListItem","position":2,"name":"Rafael Santi czyli kto?"}]},{"@type":"WebSite","@id":"https:\/\/otulinaosztuce.pl\/#website","url":"https:\/\/otulinaosztuce.pl\/","name":"otulina o sztuce","description":"ALEKSANDRA JANISZEWSKA-CARDONE","potentialAction":[{"@type":"SearchAction","target":{"@type":"EntryPoint","urlTemplate":"https:\/\/otulinaosztuce.pl\/?s={search_term_string}"},"query-input":{"@type":"PropertyValueSpecification","valueRequired":true,"valueName":"search_term_string"}}],"inLanguage":"pl-PL"},{"@type":"Person","@id":"https:\/\/otulinaosztuce.pl\/#\/schema\/person\/79c5cf3acb232614a8cf471b6f29dac3","name":"Aleksandra Janiszewska-Cardone","image":{"@type":"ImageObject","inLanguage":"pl-PL","@id":"https:\/\/otulinaosztuce.pl\/#\/schema\/person\/image\/","url":"https:\/\/secure.gravatar.com\/avatar\/064a896e49b27f9e33c7e3097d93ea1a3afd4228229f515ba0824346623bb16d?s=96&d=mm&r=g","contentUrl":"https:\/\/secure.gravatar.com\/avatar\/064a896e49b27f9e33c7e3097d93ea1a3afd4228229f515ba0824346623bb16d?s=96&d=mm&r=g","caption":"Aleksandra Janiszewska-Cardone"},"sameAs":["http:\/\/otulinaosztuce.pl"],"url":"https:\/\/otulinaosztuce.pl\/?author=1"}]}},"jetpack_featured_media_url":"","jetpack-related-posts":[],"jetpack_sharing_enabled":true,"_links":{"self":[{"href":"https:\/\/otulinaosztuce.pl\/index.php?rest_route=\/wp\/v2\/posts\/1105","targetHints":{"allow":["GET"]}}],"collection":[{"href":"https:\/\/otulinaosztuce.pl\/index.php?rest_route=\/wp\/v2\/posts"}],"about":[{"href":"https:\/\/otulinaosztuce.pl\/index.php?rest_route=\/wp\/v2\/types\/post"}],"author":[{"embeddable":true,"href":"https:\/\/otulinaosztuce.pl\/index.php?rest_route=\/wp\/v2\/users\/1"}],"replies":[{"embeddable":true,"href":"https:\/\/otulinaosztuce.pl\/index.php?rest_route=%2Fwp%2Fv2%2Fcomments&post=1105"}],"version-history":[{"count":0,"href":"https:\/\/otulinaosztuce.pl\/index.php?rest_route=\/wp\/v2\/posts\/1105\/revisions"}],"wp:featuredmedia":[{"embeddable":true,"href":"https:\/\/otulinaosztuce.pl\/index.php?rest_route=\/"}],"wp:attachment":[{"href":"https:\/\/otulinaosztuce.pl\/index.php?rest_route=%2Fwp%2Fv2%2Fmedia&parent=1105"}],"wp:term":[{"taxonomy":"category","embeddable":true,"href":"https:\/\/otulinaosztuce.pl\/index.php?rest_route=%2Fwp%2Fv2%2Fcategories&post=1105"},{"taxonomy":"post_tag","embeddable":true,"href":"https:\/\/otulinaosztuce.pl\/index.php?rest_route=%2Fwp%2Fv2%2Ftags&post=1105"}],"curies":[{"name":"wp","href":"https:\/\/api.w.org\/{rel}","templated":true}]}}